{"id":441,"date":"2025-08-22T10:16:12","date_gmt":"2025-08-22T08:16:12","guid":{"rendered":"https:\/\/www.go-assurance.fr\/blog\/lancement-assurance-cyberactive\/"},"modified":"2025-08-22T10:16:12","modified_gmt":"2025-08-22T08:16:12","slug":"lancement-assurance-cyberactive","status":"publish","type":"post","link":"https:\/\/www.go-assurance.fr\/blog\/lancement-assurance-cyberactive\/","title":{"rendered":"lancement de l&rsquo;assurance cyberactive en France par une coalition"},"content":{"rendered":"<p>Face \u00e0 la mont\u00e9e inqui\u00e9tante des cybermenaces, une nouvelle forme d&rsquo;assurance voit le jour en France. Coalition, le pionnier mondial de l&rsquo;assurance cyberactive, a annonc\u00e9 le d\u00e9ploiement de sa couverture innovante sur le territoire fran\u00e7ais. Avec l&rsquo;objectif de prot\u00e9ger les entreprises avant m\u00eame qu&rsquo;un incident ne survienne, cette initiative se distingue par son approche proactive. La soci\u00e9t\u00e9 cible particuli\u00e8rement les entreprises dont le chiffre d&rsquo;affaires atteint jusqu&rsquo;\u00e0 un milliard d&rsquo;euros, toutes branches confondues, y compris les secteurs de la sant\u00e9, de la fabrication et les organisations \u00e0 but non lucratif. Ce lancement r\u00e9pond \u00e0 un besoin urgent : pr\u00e8s de 60 % des entreprises qui subissent une violation de donn\u00e9es ne parviennent pas \u00e0 s&rsquo;en remettre dans les mois qui suivent. Pour les professionnels du secteur de l&rsquo;assurance, l&rsquo;arriv\u00e9e de Coalition en France marque un tournant. Alors que le spectre des cyberattaques continue de s&rsquo;\u00e9largir, les entreprises b\u00e9n\u00e9ficient d\u00e9sormais d&rsquo;une forme de protection qui pourrait bien changer la donne.<\/p>\n\n<h2 class=\"wp-block-heading\">Les sp\u00e9cificit\u00e9s de l&rsquo;assurance cyberactive de Coalition<\/h2>\n\n<p>Con\u00e7ue pour \u00eatre bien plus qu&rsquo;une simple police d&rsquo;assurance, l&rsquo;assurance cyberactive de Coalition propose une protection exhaustive contre les risques num\u00e9riques. Elle se distingue par son syst\u00e8me int\u00e9gr\u00e9 de pr\u00e9vention des risques qui intervient en amont des incidents.<\/p>\n\n<figure class=\"wp-block-image size-full\"><img fetchpriority=\"high\" decoding=\"async\" width=\"1344\" height=\"768\" src=\"https:\/\/www.go-assurance.fr\/blog\/wp-content\/uploads\/2025\/08\/lancement-de-lassurance-cyberactive-en-France-par-une-coalition-1.jpg\" alt=\"d\u00e9couvrez le lancement de l&#039;assurance cyberactive en france, une initiative port\u00e9e par une coalition d&#039;experts pour prot\u00e9ger les entreprises face aux risques cyber. offrez \u00e0 votre soci\u00e9t\u00e9 une protection innovante et adapt\u00e9e contre les menaces num\u00e9riques.\" class=\"wp-image-439\" srcset=\"https:\/\/www.go-assurance.fr\/blog\/wp-content\/uploads\/2025\/08\/lancement-de-lassurance-cyberactive-en-France-par-une-coalition-1.jpg 1344w, https:\/\/www.go-assurance.fr\/blog\/wp-content\/uploads\/2025\/08\/lancement-de-lassurance-cyberactive-en-France-par-une-coalition-1-300x171.jpg 300w, https:\/\/www.go-assurance.fr\/blog\/wp-content\/uploads\/2025\/08\/lancement-de-lassurance-cyberactive-en-France-par-une-coalition-1-1024x585.jpg 1024w, https:\/\/www.go-assurance.fr\/blog\/wp-content\/uploads\/2025\/08\/lancement-de-lassurance-cyberactive-en-France-par-une-coalition-1-768x439.jpg 768w\" sizes=\"(max-width: 1344px) 100vw, 1344px\" \/><\/figure>\n\n<h3 class=\"wp-block-heading\">Une technologie au service de la protection<\/h3>\n\n<p>La plateforme de cotation de Coalition, aliment\u00e9e par des technologies de pointe, permet aux courtiers de proposer des solutions adapt\u00e9es \u2728. Cette approche utilise des techniques avanc\u00e9es pour anticiper les cybermenaces, offrant ainsi aux entreprises une tranquillit\u00e9 d&rsquo;esprit renforc\u00e9e. Les courtiers peuvent ainsi d\u00e9velopper leur activit\u00e9 tout en garantissant une protection optimale \u00e0 leurs clients.<\/p>\n\n\n\n<h2 class=\"wp-block-heading\">L&rsquo;importance de l&rsquo;anticipation des risques num\u00e9riques<\/h2>\n\n<p>En 2025, le paysage num\u00e9rique \u00e9volue rapidement, rendant l&rsquo;anticipation des risques plus cruciale que jamais. L&rsquo;initiative de Coalition s&rsquo;illustre par son anticipation rigoureuse des incidents, un concept qui gagne en pertinence \u00e0 mesure que la technologie progresse.<\/p>\n\n<figure class=\"wp-block-image size-full\"><img decoding=\"async\" width=\"1344\" height=\"768\" src=\"https:\/\/www.go-assurance.fr\/blog\/wp-content\/uploads\/2025\/08\/lancement-de-lassurance-cyberactive-en-France-par-une-coalition-2.jpg\" alt=\"d\u00e9couvrez le lancement de l&#039;assurance cyberactive en france, une initiative innovante port\u00e9e par une coalition d&#039;acteurs pour renforcer la protection contre les risques cyber.\" class=\"wp-image-440\" srcset=\"https:\/\/www.go-assurance.fr\/blog\/wp-content\/uploads\/2025\/08\/lancement-de-lassurance-cyberactive-en-France-par-une-coalition-2.jpg 1344w, https:\/\/www.go-assurance.fr\/blog\/wp-content\/uploads\/2025\/08\/lancement-de-lassurance-cyberactive-en-France-par-une-coalition-2-300x171.jpg 300w, https:\/\/www.go-assurance.fr\/blog\/wp-content\/uploads\/2025\/08\/lancement-de-lassurance-cyberactive-en-France-par-une-coalition-2-1024x585.jpg 1024w, https:\/\/www.go-assurance.fr\/blog\/wp-content\/uploads\/2025\/08\/lancement-de-lassurance-cyberactive-en-France-par-une-coalition-2-768x439.jpg 768w\" sizes=\"(max-width: 1344px) 100vw, 1344px\" \/><\/figure>\n\n<h3 class=\"wp-block-heading\">Les partenariats strat\u00e9giques : une cl\u00e9 de vo\u00fbte<\/h3>\n\n<p>L&rsquo;engagement de Coalition aux c\u00f4t\u00e9s de leaders comme AXA, Generali, MAIF, et Allianz France renforce l&rsquo;efficacit\u00e9 de son offre. Ces collaborations strat\u00e9giques permettent d&rsquo;\u00e9laborer des solutions que seule une approche collaborative peut r\u00e9ussir \u00e0 mettre en place. \ud83e\udd1d<\/p>\n\n\n\n<h2 class=\"wp-block-heading\">Le r\u00f4le des experts en cyberassurance<\/h2>\n\n<p>Le recours \u00e0 des experts qualifi\u00e9s devient indispensable pour instaurer une culture de s\u00e9curit\u00e9 au sein des entreprises. Coalition met en avant l&rsquo;importance de la formation continue et du d\u00e9veloppement professionnel dans la mise en \u0153uvre de strat\u00e9gies de cybers\u00e9curit\u00e9 efficaces.<\/p>\n\n\n\n<p><li>\ud83d\udc68\u200d\ud83d\udcbb Formation continue des \u00e9quipes<\/li><\/p>\n\n<p><li>\ud83d\udcc8 Adoption de nouvelles technologies<\/li><\/p>\n\n<p><li>\ud83d\udd0d Surveillance constante des syst\u00e8mes<\/li><\/p>\n\n<h3 class=\"wp-block-heading\">Impact sur les entreprises fran\u00e7aises<\/h3>\n\n<p>Les entreprises adoptant cette solution d&rsquo;assurance peuvent b\u00e9n\u00e9ficier d&rsquo;une r\u00e9duction significative des risques. Avec des partenariats, notamment avec Groupama et Cov\u00e9a, l&rsquo;impact sur la stabilit\u00e9 financi\u00e8re et op\u00e9rationnelle des entreprises est consid\u00e9rable.<\/p>\n\n<h3 class=\"wp-block-heading\">Questions fr\u00e9quentes<\/h3>\n\n<p>Quels types d&rsquo;entreprises peuvent souscrire \u00e0 l&rsquo;assurance cyberactive de Coalition ?<\/p>\n\n<p>Toutes les entreprises, sp\u00e9cialement celles avec un chiffre d&rsquo;affaires allant jusqu&rsquo;\u00e0 un milliard d&rsquo;euros, peuvent b\u00e9n\u00e9ficier de cette assurance.<\/p>\n\n<p>Comment l&rsquo;assurance cyberactive de Coalition se distingue-t-elle des autres ?<\/p>\n\n<p>Sa principale singularit\u00e9 r\u00e9side dans son syst\u00e8me de pr\u00e9vention int\u00e9gr\u00e9, visant \u00e0 intervenir avant que les cyberincidents ne se produisent.<\/p>\n\n<p>Quels secteurs sont particuli\u00e8rement cibl\u00e9s par Coalition en France ?<\/p>\n\n<p>Les secteurs de la sant\u00e9, de la fabrication, ainsi que les organisations \u00e0 but non lucratif sont des cibles prioritaires.<\/p>\n\n<p>Comment le partenariat avec des acteurs comme AXA et Allianz renforce-t-il l&rsquo;offre ?<\/p>\n\n<p>Ces partenariats permettent d&rsquo;optimiser les solutions offertes gr\u00e2ce \u00e0 des collaborations strat\u00e9giques qui allient expertise et couverture \u00e9tendue.<\/p>\n\n<p>Source: <a href=\"https:\/\/fintech.global\/2025\/08\/21\/coalition-launches-active-cyber-insurance-in-france\/\" rel=\"nofollow\" target=\"_blank\">fintech.global<\/a><\/p>\n\n","protected":false},"excerpt":{"rendered":"<p>Face \u00e0 la mont\u00e9e inqui\u00e9tante des cybermenaces, une nouvelle forme d&rsquo;assurance voit le jour en France. Coalition, le pionnier mondial de l&rsquo;assurance cyberactive, a annonc\u00e9 le d\u00e9ploiement de sa couverture innovante sur le territoire fran\u00e7ais. Avec l&rsquo;objectif de prot\u00e9ger les entreprises avant m\u00eame qu&rsquo;un incident ne survienne, cette initiative se distingue par son approche proactive. [&hellip;]<\/p>\n","protected":false},"author":2,"featured_media":438,"comment_status":"open","ping_status":"open","sticky":false,"template":"","format":"standard","meta":{"postBodyCss":"","postBodyMargin":[],"postBodyPadding":[],"postBodyBackground":{"backgroundType":"classic","gradient":""},"footnotes":""},"categories":[12],"tags":[],"class_list":["post-441","post","type-post","status-publish","format-standard","has-post-thumbnail","hentry","category-actualite-assurance"],"yoast_head":"<!-- This site is optimized with the Yoast SEO plugin v27.4 - https:\/\/yoast.com\/product\/yoast-seo-wordpress\/ -->\n<title>l\u2019assurance cyberactive d\u00e9barque en France gr\u00e2ce \u00e0 une coalition innovante<\/title>\n<meta name=\"description\" content=\"D\u00e9couvrez le lancement de l&#039;assurance Cyberactive en France, une initiative innovante port\u00e9e par une coalition d&#039;acteurs majeurs du secteur.\" \/>\n<meta name=\"robots\" content=\"index, follow, max-snippet:-1, max-image-preview:large, max-video-preview:-1\" \/>\n<link rel=\"canonical\" href=\"https:\/\/www.go-assurance.fr\/blog\/lancement-assurance-cyberactive\/\" \/>\n<meta property=\"og:locale\" content=\"fr_FR\" \/>\n<meta property=\"og:type\" content=\"article\" \/>\n<meta property=\"og:title\" content=\"l\u2019assurance cyberactive d\u00e9barque en France gr\u00e2ce \u00e0 une coalition innovante\" \/>\n<meta property=\"og:description\" content=\"D\u00e9couvrez le lancement de l&#039;assurance Cyberactive en France, une initiative innovante port\u00e9e par une coalition d&#039;acteurs majeurs du secteur.\" \/>\n<meta property=\"og:url\" content=\"https:\/\/www.go-assurance.fr\/blog\/lancement-assurance-cyberactive\/\" \/>\n<meta property=\"og:site_name\" content=\"blog Go-assurance\" \/>\n<meta property=\"article:published_time\" content=\"2025-08-22T08:16:12+00:00\" \/>\n<meta property=\"og:image\" content=\"https:\/\/www.go-assurance.fr\/blog\/wp-content\/uploads\/2025\/08\/lancement-de-lassurance-cyberactive-en-France-par-une-coalition.jpg\" \/>\n\t<meta property=\"og:image:width\" content=\"1344\" \/>\n\t<meta property=\"og:image:height\" content=\"768\" \/>\n\t<meta property=\"og:image:type\" content=\"image\/jpeg\" \/>\n<meta name=\"author\" content=\"Chloe.milano.61\" \/>\n<meta name=\"twitter:card\" content=\"summary_large_image\" \/>\n<meta name=\"twitter:label1\" content=\"\u00c9crit par\" \/>\n\t<meta name=\"twitter:data1\" content=\"Chloe.milano.61\" \/>\n\t<meta name=\"twitter:label2\" content=\"Dur\u00e9e de lecture estim\u00e9e\" \/>\n\t<meta name=\"twitter:data2\" content=\"3 minutes\" \/>\n<script type=\"application\/ld+json\" class=\"yoast-schema-graph\">{\"@context\":\"https:\\\/\\\/schema.org\",\"@graph\":[{\"@type\":\"Article\",\"@id\":\"https:\\\/\\\/www.go-assurance.fr\\\/blog\\\/lancement-assurance-cyberactive\\\/#article\",\"isPartOf\":{\"@id\":\"https:\\\/\\\/www.go-assurance.fr\\\/blog\\\/lancement-assurance-cyberactive\\\/\"},\"author\":{\"name\":\"Chloe.milano.61\",\"@id\":\"https:\\\/\\\/www.go-assurance.fr\\\/blog\\\/#\\\/schema\\\/person\\\/fc2852562edeff8f501169f86d5bd856\"},\"headline\":\"lancement de l&rsquo;assurance cyberactive en France par une coalition\",\"datePublished\":\"2025-08-22T08:16:12+00:00\",\"mainEntityOfPage\":{\"@id\":\"https:\\\/\\\/www.go-assurance.fr\\\/blog\\\/lancement-assurance-cyberactive\\\/\"},\"wordCount\":661,\"commentCount\":0,\"publisher\":{\"@id\":\"https:\\\/\\\/www.go-assurance.fr\\\/blog\\\/#organization\"},\"image\":{\"@id\":\"https:\\\/\\\/www.go-assurance.fr\\\/blog\\\/lancement-assurance-cyberactive\\\/#primaryimage\"},\"thumbnailUrl\":\"https:\\\/\\\/www.go-assurance.fr\\\/blog\\\/wp-content\\\/uploads\\\/2025\\\/08\\\/lancement-de-lassurance-cyberactive-en-France-par-une-coalition.jpg\",\"articleSection\":[\"Actualit\u00e9 assurance\"],\"inLanguage\":\"fr-FR\",\"potentialAction\":[{\"@type\":\"CommentAction\",\"name\":\"Comment\",\"target\":[\"https:\\\/\\\/www.go-assurance.fr\\\/blog\\\/lancement-assurance-cyberactive\\\/#respond\"]}]},{\"@type\":\"WebPage\",\"@id\":\"https:\\\/\\\/www.go-assurance.fr\\\/blog\\\/lancement-assurance-cyberactive\\\/\",\"url\":\"https:\\\/\\\/www.go-assurance.fr\\\/blog\\\/lancement-assurance-cyberactive\\\/\",\"name\":\"l\u2019assurance cyberactive d\u00e9barque en France gr\u00e2ce \u00e0 une coalition innovante\",\"isPartOf\":{\"@id\":\"https:\\\/\\\/www.go-assurance.fr\\\/blog\\\/#website\"},\"primaryImageOfPage\":{\"@id\":\"https:\\\/\\\/www.go-assurance.fr\\\/blog\\\/lancement-assurance-cyberactive\\\/#primaryimage\"},\"image\":{\"@id\":\"https:\\\/\\\/www.go-assurance.fr\\\/blog\\\/lancement-assurance-cyberactive\\\/#primaryimage\"},\"thumbnailUrl\":\"https:\\\/\\\/www.go-assurance.fr\\\/blog\\\/wp-content\\\/uploads\\\/2025\\\/08\\\/lancement-de-lassurance-cyberactive-en-France-par-une-coalition.jpg\",\"datePublished\":\"2025-08-22T08:16:12+00:00\",\"description\":\"D\u00e9couvrez le lancement de l'assurance Cyberactive en France, une initiative innovante port\u00e9e par une coalition d'acteurs majeurs du secteur.\",\"breadcrumb\":{\"@id\":\"https:\\\/\\\/www.go-assurance.fr\\\/blog\\\/lancement-assurance-cyberactive\\\/#breadcrumb\"},\"inLanguage\":\"fr-FR\",\"potentialAction\":[{\"@type\":\"ReadAction\",\"target\":[\"https:\\\/\\\/www.go-assurance.fr\\\/blog\\\/lancement-assurance-cyberactive\\\/\"]}]},{\"@type\":\"ImageObject\",\"inLanguage\":\"fr-FR\",\"@id\":\"https:\\\/\\\/www.go-assurance.fr\\\/blog\\\/lancement-assurance-cyberactive\\\/#primaryimage\",\"url\":\"https:\\\/\\\/www.go-assurance.fr\\\/blog\\\/wp-content\\\/uploads\\\/2025\\\/08\\\/lancement-de-lassurance-cyberactive-en-France-par-une-coalition.jpg\",\"contentUrl\":\"https:\\\/\\\/www.go-assurance.fr\\\/blog\\\/wp-content\\\/uploads\\\/2025\\\/08\\\/lancement-de-lassurance-cyberactive-en-France-par-une-coalition.jpg\",\"width\":1344,\"height\":768,\"caption\":\"d\u00e9couvrez le lancement de l'assurance cyberactive en france, port\u00e9e par une coalition d'acteurs majeurs pour renforcer la cybers\u00e9curit\u00e9 des entreprises face aux menaces num\u00e9riques.\"},{\"@type\":\"BreadcrumbList\",\"@id\":\"https:\\\/\\\/www.go-assurance.fr\\\/blog\\\/lancement-assurance-cyberactive\\\/#breadcrumb\",\"itemListElement\":[{\"@type\":\"ListItem\",\"position\":1,\"name\":\"Accueil\",\"item\":\"https:\\\/\\\/www.go-assurance.fr\\\/blog\\\/\"},{\"@type\":\"ListItem\",\"position\":2,\"name\":\"lancement de l&rsquo;assurance cyberactive en France par une coalition\"}]},{\"@type\":\"WebSite\",\"@id\":\"https:\\\/\\\/www.go-assurance.fr\\\/blog\\\/#website\",\"url\":\"https:\\\/\\\/www.go-assurance.fr\\\/blog\\\/\",\"name\":\"blog Go-assurance\",\"description\":\"\",\"publisher\":{\"@id\":\"https:\\\/\\\/www.go-assurance.fr\\\/blog\\\/#organization\"},\"potentialAction\":[{\"@type\":\"SearchAction\",\"target\":{\"@type\":\"EntryPoint\",\"urlTemplate\":\"https:\\\/\\\/www.go-assurance.fr\\\/blog\\\/?s={search_term_string}\"},\"query-input\":{\"@type\":\"PropertyValueSpecification\",\"valueRequired\":true,\"valueName\":\"search_term_string\"}}],\"inLanguage\":\"fr-FR\"},{\"@type\":\"Organization\",\"@id\":\"https:\\\/\\\/www.go-assurance.fr\\\/blog\\\/#organization\",\"name\":\"blog Go-assurance\",\"url\":\"https:\\\/\\\/www.go-assurance.fr\\\/blog\\\/\",\"logo\":{\"@type\":\"ImageObject\",\"inLanguage\":\"fr-FR\",\"@id\":\"https:\\\/\\\/www.go-assurance.fr\\\/blog\\\/#\\\/schema\\\/logo\\\/image\\\/\",\"url\":\"https:\\\/\\\/www.go-assurance.fr\\\/blog\\\/wp-content\\\/uploads\\\/2025\\\/07\\\/goassurance.webp\",\"contentUrl\":\"https:\\\/\\\/www.go-assurance.fr\\\/blog\\\/wp-content\\\/uploads\\\/2025\\\/07\\\/goassurance.webp\",\"width\":200,\"height\":200,\"caption\":\"blog Go-assurance\"},\"image\":{\"@id\":\"https:\\\/\\\/www.go-assurance.fr\\\/blog\\\/#\\\/schema\\\/logo\\\/image\\\/\"}},{\"@type\":\"Person\",\"@id\":\"https:\\\/\\\/www.go-assurance.fr\\\/blog\\\/#\\\/schema\\\/person\\\/fc2852562edeff8f501169f86d5bd856\",\"name\":\"Chloe.milano.61\",\"image\":{\"@type\":\"ImageObject\",\"inLanguage\":\"fr-FR\",\"@id\":\"https:\\\/\\\/secure.gravatar.com\\\/avatar\\\/?s=96&d=mm&r=g\",\"url\":\"https:\\\/\\\/secure.gravatar.com\\\/avatar\\\/?s=96&d=mm&r=g\",\"contentUrl\":\"https:\\\/\\\/secure.gravatar.com\\\/avatar\\\/?s=96&d=mm&r=g\",\"caption\":\"Chloe.milano.61\"},\"description\":\"Avec 18 ans d\u2019exp\u00e9rience dans le domaine de l\u2019assurance, je mets mon savoir-faire au service de votre tranquillit\u00e9. Mon r\u00f4le ? Vous \u00e9couter, vous conseiller, et vous proposer des solutions personnalis\u00e9es, r\u00e9ellement adapt\u00e9es \u00e0 votre situation. Parce que prot\u00e9ger ce qui compte pour vous, vos biens, votre famille, votre avenir, est bien plus qu\u2019un m\u00e9tier : c\u2019est un engagement.\",\"url\":\"https:\\\/\\\/www.go-assurance.fr\\\/blog\\\/author\\\/chloe-milano-61\\\/\"}]}<\/script>\n<!-- \/ Yoast SEO plugin. -->","yoast_head_json":{"title":"l\u2019assurance cyberactive d\u00e9barque en France gr\u00e2ce \u00e0 une coalition innovante","description":"D\u00e9couvrez le lancement de l'assurance Cyberactive en France, une initiative innovante port\u00e9e par une coalition d'acteurs majeurs du secteur.","robots":{"index":"index","follow":"follow","max-snippet":"max-snippet:-1","max-image-preview":"max-image-preview:large","max-video-preview":"max-video-preview:-1"},"canonical":"https:\/\/www.go-assurance.fr\/blog\/lancement-assurance-cyberactive\/","og_locale":"fr_FR","og_type":"article","og_title":"l\u2019assurance cyberactive d\u00e9barque en France gr\u00e2ce \u00e0 une coalition innovante","og_description":"D\u00e9couvrez le lancement de l'assurance Cyberactive en France, une initiative innovante port\u00e9e par une coalition d'acteurs majeurs du secteur.","og_url":"https:\/\/www.go-assurance.fr\/blog\/lancement-assurance-cyberactive\/","og_site_name":"blog Go-assurance","article_published_time":"2025-08-22T08:16:12+00:00","og_image":[{"width":1344,"height":768,"url":"https:\/\/www.go-assurance.fr\/blog\/wp-content\/uploads\/2025\/08\/lancement-de-lassurance-cyberactive-en-France-par-une-coalition.jpg","type":"image\/jpeg"}],"author":"Chloe.milano.61","twitter_card":"summary_large_image","twitter_misc":{"\u00c9crit par":"Chloe.milano.61","Dur\u00e9e de lecture estim\u00e9e":"3 minutes"},"schema":{"@context":"https:\/\/schema.org","@graph":[{"@type":"Article","@id":"https:\/\/www.go-assurance.fr\/blog\/lancement-assurance-cyberactive\/#article","isPartOf":{"@id":"https:\/\/www.go-assurance.fr\/blog\/lancement-assurance-cyberactive\/"},"author":{"name":"Chloe.milano.61","@id":"https:\/\/www.go-assurance.fr\/blog\/#\/schema\/person\/fc2852562edeff8f501169f86d5bd856"},"headline":"lancement de l&rsquo;assurance cyberactive en France par une coalition","datePublished":"2025-08-22T08:16:12+00:00","mainEntityOfPage":{"@id":"https:\/\/www.go-assurance.fr\/blog\/lancement-assurance-cyberactive\/"},"wordCount":661,"commentCount":0,"publisher":{"@id":"https:\/\/www.go-assurance.fr\/blog\/#organization"},"image":{"@id":"https:\/\/www.go-assurance.fr\/blog\/lancement-assurance-cyberactive\/#primaryimage"},"thumbnailUrl":"https:\/\/www.go-assurance.fr\/blog\/wp-content\/uploads\/2025\/08\/lancement-de-lassurance-cyberactive-en-France-par-une-coalition.jpg","articleSection":["Actualit\u00e9 assurance"],"inLanguage":"fr-FR","potentialAction":[{"@type":"CommentAction","name":"Comment","target":["https:\/\/www.go-assurance.fr\/blog\/lancement-assurance-cyberactive\/#respond"]}]},{"@type":"WebPage","@id":"https:\/\/www.go-assurance.fr\/blog\/lancement-assurance-cyberactive\/","url":"https:\/\/www.go-assurance.fr\/blog\/lancement-assurance-cyberactive\/","name":"l\u2019assurance cyberactive d\u00e9barque en France gr\u00e2ce \u00e0 une coalition innovante","isPartOf":{"@id":"https:\/\/www.go-assurance.fr\/blog\/#website"},"primaryImageOfPage":{"@id":"https:\/\/www.go-assurance.fr\/blog\/lancement-assurance-cyberactive\/#primaryimage"},"image":{"@id":"https:\/\/www.go-assurance.fr\/blog\/lancement-assurance-cyberactive\/#primaryimage"},"thumbnailUrl":"https:\/\/www.go-assurance.fr\/blog\/wp-content\/uploads\/2025\/08\/lancement-de-lassurance-cyberactive-en-France-par-une-coalition.jpg","datePublished":"2025-08-22T08:16:12+00:00","description":"D\u00e9couvrez le lancement de l'assurance Cyberactive en France, une initiative innovante port\u00e9e par une coalition d'acteurs majeurs du secteur.","breadcrumb":{"@id":"https:\/\/www.go-assurance.fr\/blog\/lancement-assurance-cyberactive\/#breadcrumb"},"inLanguage":"fr-FR","potentialAction":[{"@type":"ReadAction","target":["https:\/\/www.go-assurance.fr\/blog\/lancement-assurance-cyberactive\/"]}]},{"@type":"ImageObject","inLanguage":"fr-FR","@id":"https:\/\/www.go-assurance.fr\/blog\/lancement-assurance-cyberactive\/#primaryimage","url":"https:\/\/www.go-assurance.fr\/blog\/wp-content\/uploads\/2025\/08\/lancement-de-lassurance-cyberactive-en-France-par-une-coalition.jpg","contentUrl":"https:\/\/www.go-assurance.fr\/blog\/wp-content\/uploads\/2025\/08\/lancement-de-lassurance-cyberactive-en-France-par-une-coalition.jpg","width":1344,"height":768,"caption":"d\u00e9couvrez le lancement de l'assurance cyberactive en france, port\u00e9e par une coalition d'acteurs majeurs pour renforcer la cybers\u00e9curit\u00e9 des entreprises face aux menaces num\u00e9riques."},{"@type":"BreadcrumbList","@id":"https:\/\/www.go-assurance.fr\/blog\/lancement-assurance-cyberactive\/#breadcrumb","itemListElement":[{"@type":"ListItem","position":1,"name":"Accueil","item":"https:\/\/www.go-assurance.fr\/blog\/"},{"@type":"ListItem","position":2,"name":"lancement de l&rsquo;assurance cyberactive en France par une coalition"}]},{"@type":"WebSite","@id":"https:\/\/www.go-assurance.fr\/blog\/#website","url":"https:\/\/www.go-assurance.fr\/blog\/","name":"blog Go-assurance","description":"","publisher":{"@id":"https:\/\/www.go-assurance.fr\/blog\/#organization"},"potentialAction":[{"@type":"SearchAction","target":{"@type":"EntryPoint","urlTemplate":"https:\/\/www.go-assurance.fr\/blog\/?s={search_term_string}"},"query-input":{"@type":"PropertyValueSpecification","valueRequired":true,"valueName":"search_term_string"}}],"inLanguage":"fr-FR"},{"@type":"Organization","@id":"https:\/\/www.go-assurance.fr\/blog\/#organization","name":"blog Go-assurance","url":"https:\/\/www.go-assurance.fr\/blog\/","logo":{"@type":"ImageObject","inLanguage":"fr-FR","@id":"https:\/\/www.go-assurance.fr\/blog\/#\/schema\/logo\/image\/","url":"https:\/\/www.go-assurance.fr\/blog\/wp-content\/uploads\/2025\/07\/goassurance.webp","contentUrl":"https:\/\/www.go-assurance.fr\/blog\/wp-content\/uploads\/2025\/07\/goassurance.webp","width":200,"height":200,"caption":"blog Go-assurance"},"image":{"@id":"https:\/\/www.go-assurance.fr\/blog\/#\/schema\/logo\/image\/"}},{"@type":"Person","@id":"https:\/\/www.go-assurance.fr\/blog\/#\/schema\/person\/fc2852562edeff8f501169f86d5bd856","name":"Chloe.milano.61","image":{"@type":"ImageObject","inLanguage":"fr-FR","@id":"https:\/\/secure.gravatar.com\/avatar\/?s=96&d=mm&r=g","url":"https:\/\/secure.gravatar.com\/avatar\/?s=96&d=mm&r=g","contentUrl":"https:\/\/secure.gravatar.com\/avatar\/?s=96&d=mm&r=g","caption":"Chloe.milano.61"},"description":"Avec 18 ans d\u2019exp\u00e9rience dans le domaine de l\u2019assurance, je mets mon savoir-faire au service de votre tranquillit\u00e9. Mon r\u00f4le ? Vous \u00e9couter, vous conseiller, et vous proposer des solutions personnalis\u00e9es, r\u00e9ellement adapt\u00e9es \u00e0 votre situation. Parce que prot\u00e9ger ce qui compte pour vous, vos biens, votre famille, votre avenir, est bien plus qu\u2019un m\u00e9tier : c\u2019est un engagement.","url":"https:\/\/www.go-assurance.fr\/blog\/author\/chloe-milano-61\/"}]}},"_links":{"self":[{"href":"https:\/\/www.go-assurance.fr\/blog\/wp-json\/wp\/v2\/posts\/441","targetHints":{"allow":["GET"]}}],"collection":[{"href":"https:\/\/www.go-assurance.fr\/blog\/wp-json\/wp\/v2\/posts"}],"about":[{"href":"https:\/\/www.go-assurance.fr\/blog\/wp-json\/wp\/v2\/types\/post"}],"author":[{"embeddable":true,"href":"https:\/\/www.go-assurance.fr\/blog\/wp-json\/wp\/v2\/users\/2"}],"replies":[{"embeddable":true,"href":"https:\/\/www.go-assurance.fr\/blog\/wp-json\/wp\/v2\/comments?post=441"}],"version-history":[{"count":0,"href":"https:\/\/www.go-assurance.fr\/blog\/wp-json\/wp\/v2\/posts\/441\/revisions"}],"wp:featuredmedia":[{"embeddable":true,"href":"https:\/\/www.go-assurance.fr\/blog\/wp-json\/wp\/v2\/media\/438"}],"wp:attachment":[{"href":"https:\/\/www.go-assurance.fr\/blog\/wp-json\/wp\/v2\/media?parent=441"}],"wp:term":[{"taxonomy":"category","embeddable":true,"href":"https:\/\/www.go-assurance.fr\/blog\/wp-json\/wp\/v2\/categories?post=441"},{"taxonomy":"post_tag","embeddable":true,"href":"https:\/\/www.go-assurance.fr\/blog\/wp-json\/wp\/v2\/tags?post=441"}],"curies":[{"name":"wp","href":"https:\/\/api.w.org\/{rel}","templated":true}]}}