{"id":319,"date":"2025-08-04T10:24:39","date_gmt":"2025-08-04T08:24:39","guid":{"rendered":"https:\/\/www.go-assurance.fr\/blog\/erquy-nouvelle-assurance\/"},"modified":"2025-08-04T10:24:39","modified_gmt":"2025-08-04T08:24:39","slug":"erquy-nouvelle-assurance","status":"publish","type":"post","link":"https:\/\/www.go-assurance.fr\/blog\/erquy-nouvelle-assurance\/","title":{"rendered":"Erquy se dote d&rsquo;une nouvelle compagnie d&rsquo;assurance pour s\u00e9curiser ses habitants"},"content":{"rendered":"<p>En juillet 2025, lors d&rsquo;un conseil municipal restreint, la ville d&rsquo;Erquy a valid\u00e9 une \u00e9tape cruciale pour la s\u00e9curit\u00e9 de ses habitants. Confront\u00e9e \u00e0 une absence d&rsquo;offres pour le renouvellement de ses <strong>contrats d\u2019assurance<\/strong>, la municipalit\u00e9 a sollicit\u00e9 un courtier afin de trouver une solution. La seule offre re\u00e7ue, propos\u00e9e par la soci\u00e9t\u00e9 Cooper Gay &#8211; Nagico\/Lloyds, a \u00e9t\u00e9 adopt\u00e9e \u00e0 l\u2019unanimit\u00e9. Cette d\u00e9cision marque un tournant strat\u00e9gique pour la ville, renfor\u00e7ant ainsi son engagement envers la <strong>s\u00e9curit\u00e9<\/strong> et la protection de ses r\u00e9sidents. Parall\u00e8lement, des inqui\u00e9tudes ont \u00e9t\u00e9 soulev\u00e9es concernant les nuisances sonores li\u00e9es \u00e0 un futur stade. Le conseil souhaitait garantir que chaque nouvel ajout \u00e0 la commune soit synonyme de <strong>protection<\/strong> et de <strong>pr\u00e9vention<\/strong> pour les R\u00e9gin\u00e9ens. Cette action proactive souligne la d\u00e9termination d&rsquo;Erquy \u00e0 rester attentive aux besoins de sa communaut\u00e9.<\/p>\n\n<h2 class=\"wp-block-heading\">Un Partenariat pour la S\u00e9curit\u00e9 et la Tranquillit\u00e9 d&rsquo;Erquy<\/h2>\n\n<p>Face \u00e0 l\u2019impasse rencontr\u00e9e dans le renouvellement de ses <strong>assurances<\/strong>, la mairie d&rsquo;Erquy a pris une d\u00e9cision r\u00e9solue en s&rsquo;alliant avec un nouvel acteur du march\u00e9. Cooper Gay &#8211; Nagico\/Lloyds, soci\u00e9t\u00e9 de renom dans le domaine, offrira d\u00e9sormais ses services \u00e0 la ville. Ce choix n&rsquo;a pas simplement \u00e9t\u00e9 dict\u00e9 par la n\u00e9cessit\u00e9, mais aussi par l\u2019opportunit\u00e9 de b\u00e9n\u00e9ficier de couvertures \u00e9tendues et sp\u00e9cifiques, adapt\u00e9es aux besoins de la collectivit\u00e9.<\/p>\n\n<ul class=\"wp-block-list\"><li>Assurances dommages pour prot\u00e9ger les biens municipaux \ud83c\udfe2<\/li><li>Garantie de continuit\u00e9 des services essentiels \ud83c\udfd7\ufe0f<\/li><li>Pr\u00e9vention et gestion des <strong>risques<\/strong> li\u00e9s aux nouvelles infrastructures \u26a0\ufe0f<\/li><\/ul>\n\n<p>Ce partenariat, bien que salutaire, met en lumi\u00e8re le d\u00e9fi constant du secteur public \u00e0 trouver des assureurs capables de soutenir des projets communaux particuliers. En renfor\u00e7ant les <strong>garanties<\/strong> \u00e0 Erquy, la municipalit\u00e9 cherche \u00e0 amplifier non seulement la tranquillit\u00e9 d&rsquo;esprit de ses habitants, mais \u00e9galement \u00e0 offrir des services fiables.<\/p>\n\n<figure class=\"wp-block-image size-full\"><img fetchpriority=\"high\" decoding=\"async\" width=\"1344\" height=\"768\" src=\"https:\/\/www.go-assurance.fr\/blog\/wp-content\/uploads\/2025\/08\/Erquy-se-dote-dune-nouvelle-compagnie-dassurance-pour-securiser-ses-habitants-1.jpg\" alt=\"d\u00e9couvrez comment la nouvelle compagnie d&#039;assurance d&#039;erquy renforce la s\u00e9curit\u00e9 des habitants, offrant des solutions personnalis\u00e9es et fiables pour prot\u00e9ger votre quotidien.\" class=\"wp-image-317\" srcset=\"https:\/\/www.go-assurance.fr\/blog\/wp-content\/uploads\/2025\/08\/Erquy-se-dote-dune-nouvelle-compagnie-dassurance-pour-securiser-ses-habitants-1.jpg 1344w, https:\/\/www.go-assurance.fr\/blog\/wp-content\/uploads\/2025\/08\/Erquy-se-dote-dune-nouvelle-compagnie-dassurance-pour-securiser-ses-habitants-1-300x171.jpg 300w, https:\/\/www.go-assurance.fr\/blog\/wp-content\/uploads\/2025\/08\/Erquy-se-dote-dune-nouvelle-compagnie-dassurance-pour-securiser-ses-habitants-1-1024x585.jpg 1024w, https:\/\/www.go-assurance.fr\/blog\/wp-content\/uploads\/2025\/08\/Erquy-se-dote-dune-nouvelle-compagnie-dassurance-pour-securiser-ses-habitants-1-768x439.jpg 768w\" sizes=\"(max-width: 1344px) 100vw, 1344px\" \/><\/figure>\n\n<h3 class=\"wp-block-heading\">Quels b\u00e9n\u00e9fices pour les habitants ?<\/h3>\n\n<p>L\u2019adoption de ces nouvelles couverture assurances \u00e0 Erquy s\u2019accompagne d\u2019avantages concrets :<\/p>\n\n<figure class=\"wp-block-table\"><table>\n<thead>\n<tr>\n<th>Point Focal<\/th>\n<th>Avantages <\/th>\n<\/tr>\n<\/thead>\n<tbody>\n<tr>\n<td>Protection Personnalis\u00e9e \ud83d\udee1\ufe0f<\/td>\n<td>Assurance renforc\u00e9e pour la s\u00e9curit\u00e9 des biens communaux.<\/td>\n<\/tr>\n<tr>\n<td>S\u00e9r\u00e9nit\u00e9 pour l&rsquo;Avenir \ud83c\udf1f<\/td>\n<td>Mise en place d&rsquo;une strat\u00e9gie de pr\u00e9vention des <strong>risques<\/strong>.<\/td>\n<\/tr>\n<tr>\n<td>Services Adapt\u00e9s \ud83d\udcc8<\/td>\n<td>D\u00e9veloppement d&rsquo;outils pour accompagner les citoyens en cas de <a href=\"https:\/\/www.go-assurance.fr\/blog\/cambriolage-assurance-demarches\/\">cambriolage<\/a>.<\/td>\n<\/tr>\n<\/tbody>\n<\/table><\/figure>\n\n\n\n<h2 class=\"wp-block-heading\">D\u00e9fis et Perspectives pour Erquy<\/h2>\n\n<p>La mise en place de cette nouvelle <strong>compagnie d&rsquo;assurance<\/strong> ne s&rsquo;est pas faite sans d\u00e9fi. Le manque initial d&rsquo;offres soul\u00e8ve des questions sur la comp\u00e9titivit\u00e9 du march\u00e9 actuel des <strong>assurances<\/strong> pour les collectivit\u00e9s locales. Cependant, fort de cette association, Erquy entend tirer parti de ce nouvel accord pour anticiper d&rsquo;\u00e9ventuelles complications futures.<\/p>\n\n<ul class=\"wp-block-list\"><li>Anticiper et minimiser les potentiels sinistres naturels \ud83c\udf0a<\/li><li>Renforcer les infrastructures existantes pour une meilleure r\u00e9silience \ud83d\udee0\ufe0f<\/li><li>Relancer une politique de protection rapproch\u00e9e des <strong>habitants<\/strong> \ud83c\udfe1<\/li><\/ul>\n\n<figure class=\"wp-block-image size-full\"><img decoding=\"async\" width=\"1344\" height=\"768\" src=\"https:\/\/www.go-assurance.fr\/blog\/wp-content\/uploads\/2025\/08\/Erquy-se-dote-dune-nouvelle-compagnie-dassurance-pour-securiser-ses-habitants-2.jpg\" alt=\"d\u00e9couvrez comment erquy renforce la s\u00e9curit\u00e9 de ses habitants avec l&#039;instauration d&#039;une nouvelle compagnie d&#039;assurance, d\u00e9di\u00e9e \u00e0 offrir des solutions adapt\u00e9es aux besoins locaux.\" class=\"wp-image-318\" srcset=\"https:\/\/www.go-assurance.fr\/blog\/wp-content\/uploads\/2025\/08\/Erquy-se-dote-dune-nouvelle-compagnie-dassurance-pour-securiser-ses-habitants-2.jpg 1344w, https:\/\/www.go-assurance.fr\/blog\/wp-content\/uploads\/2025\/08\/Erquy-se-dote-dune-nouvelle-compagnie-dassurance-pour-securiser-ses-habitants-2-300x171.jpg 300w, https:\/\/www.go-assurance.fr\/blog\/wp-content\/uploads\/2025\/08\/Erquy-se-dote-dune-nouvelle-compagnie-dassurance-pour-securiser-ses-habitants-2-1024x585.jpg 1024w, https:\/\/www.go-assurance.fr\/blog\/wp-content\/uploads\/2025\/08\/Erquy-se-dote-dune-nouvelle-compagnie-dassurance-pour-securiser-ses-habitants-2-768x439.jpg 768w\" sizes=\"(max-width: 1344px) 100vw, 1344px\" \/><\/figure>\n\n<h3 class=\"wp-block-heading\">La voie vers un avenir s\u00e9curis\u00e9<\/h3>\n\n<p>En choisissant une soci\u00e9t\u00e9 de renom comme Cooper Gay &#8211; Nagico\/Lloyds, Erquy veut \u00e9tablir un mod\u00e8le o\u00f9 <strong>s\u00e9curit\u00e9<\/strong> et d\u00e9veloppement \u00e9conomique coexistent harmonieusement. Les habitants, tout en jouissant d&rsquo;une meilleure couverture, peuvent ainsi envisager le futur de mani\u00e8re sereine.<\/p>\n\n<p><otoinstagram href=\"https:\/\/www.instagram.com\/p\/DLiTDExMwuT\/\" uid=\"instagram-68906e430c7af\"><\/otoinstagram><\/p>\n\n<p>Pendant que l&rsquo;administration locale \u0153uvre pour la protection de ses structures, un besoin persiste : l&rsquo;implication croissante des <strong>habitants<\/strong> dans la prise de d\u00e9cision. Une approche proactive et collective envers la <strong>s\u00e9curit\u00e9<\/strong> et la <strong>protection<\/strong> peut s&rsquo;av\u00e9rer cruciale pour mieux servir les int\u00e9r\u00eats communs.<\/p>\n\n\n\n<h3 class=\"wp-block-heading\">Les faits marquants \u00e0 retenir<\/h3>\n\n<p>Cette d\u00e9marche amorc\u00e9e par la ville d&rsquo;Erquy se veut \u00eatre une mesure de long terme, int\u00e9grant \u00e0 la fois le bien-\u00eatre des citoyens et l&rsquo;int\u00e9grit\u00e9 des biens communaux. Gr\u00e2ce \u00e0 une interconnexion renforc\u00e9e entre la <strong>municipalit\u00e9<\/strong> et la soci\u00e9t\u00e9, cette collaboration pourrait bien devenir un cas d&rsquo;\u00e9cole pour d&rsquo;autres communes de taille similaire en France.<\/p>\n\n<figure class=\"wp-block-table\"><table>\n<thead>\n<tr>\n<th>\u00c9l\u00e9ments Impactants<\/th>\n<th>R\u00e9sultats Attendus <\/th>\n<\/tr>\n<\/thead>\n<tbody>\n<tr>\n<td>Diversification des offres d&rsquo;assurances \ud83c\udfe6<\/td>\n<td>R\u00e9duction des co\u00fbts et am\u00e9lioration des services implant\u00e9s.<\/td>\n<\/tr>\n<tr>\n<td>Communication transversale \ud83d\udce3<\/td>\n<td>Formation et engagement des citoyens autour des questions de <strong>s\u00e9curit\u00e9<\/strong>.<\/td>\n<\/tr>\n<tr>\n<td>D\u00e9veloppement d&rsquo;initiatives locales \ud83d\ude80<\/td>\n<td>Cr\u00e9er un \u00e9cosyst\u00e8me de <strong>protection<\/strong> et de <strong>pr\u00e9vention<\/strong>.<\/td>\n<\/tr>\n<\/tbody>\n<\/table><\/figure>\n\n<h2 class=\"wp-block-heading\">FAQ<\/h2>\n\n<h3 class=\"wp-block-heading\">Quels sont les principaux avantages pour les habitants d&rsquo;Erquy apr\u00e8s ce partenariat ?<\/h3>\n\n<p>Les habitants b\u00e9n\u00e9ficient de <strong>garanties<\/strong> accrues pour leurs biens communaux, ce qui assure une <strong>protection<\/strong> optimis\u00e9e et une meilleure gestion des risques futurs.<\/p>\n\n<h3 class=\"wp-block-heading\">Pourquoi une seule offre a-t-elle \u00e9t\u00e9 re\u00e7ue pour assurer la commune ?<\/h3>\n\n<p>La complexit\u00e9 du march\u00e9 et la nature sp\u00e9cifique des <strong>services<\/strong> communaux rendent parfois la mutualisation des offres complexe, n\u00e9cessitant l\u2019intervention d\u2019un courtier professionnel.<\/p>\n\n<h3 class=\"wp-block-heading\">Comment ce partenariat impacte-t-il la vie quotidienne des habitants ?<\/h3>\n\n<p>Cette alliance avec une nouvelle <strong>compagnie d&rsquo;assurance<\/strong> assure \u00e0 la fois la tranquillit\u00e9 d\u2019esprit des R\u00e9gin\u00e9ens et le soutien en cas de sinistres n\u00e9cessitant une couverture \u00e9tendue.<\/p>\n\n<p>Source: <a href=\"https:\/\/www.letelegramme.fr\/cotes-d-armor\/erquy-22430\/conseil-derquy-la-commune-a-trouve-une-compagnie-dassurance-6865759.php\" rel=\"nofollow\" target=\"_blank\">www.letelegramme.fr<\/a><\/p>\n\n","protected":false},"excerpt":{"rendered":"<p>En juillet 2025, lors d&rsquo;un conseil municipal restreint, la ville d&rsquo;Erquy a valid\u00e9 une \u00e9tape cruciale pour la s\u00e9curit\u00e9 de ses habitants. Confront\u00e9e \u00e0 une absence d&rsquo;offres pour le renouvellement de ses contrats d\u2019assurance, la municipalit\u00e9 a sollicit\u00e9 un courtier afin de trouver une solution. La seule offre re\u00e7ue, propos\u00e9e par la soci\u00e9t\u00e9 Cooper Gay [&hellip;]<\/p>\n","protected":false},"author":2,"featured_media":316,"comment_status":"open","ping_status":"open","sticky":false,"template":"","format":"standard","meta":{"postBodyCss":"","postBodyMargin":[],"postBodyPadding":[],"postBodyBackground":{"backgroundType":"classic","gradient":""},"footnotes":""},"categories":[12],"tags":[],"class_list":["post-319","post","type-post","status-publish","format-standard","has-post-thumbnail","hentry","category-actualite-assurance"],"yoast_head":"<!-- This site is optimized with the Yoast SEO plugin v27.4 - https:\/\/yoast.com\/product\/yoast-seo-wordpress\/ -->\n<title>Erquy renforce la s\u00e9curit\u00e9 de ses habitants avec une nouvelle assurance<\/title>\n<meta name=\"description\" content=\"Erquy accueille une nouvelle compagnie d&#039;assurance pour offrir s\u00e9curit\u00e9 et protection renforc\u00e9es \u00e0 tous ses habitants. D\u00e9couvrez-en plus !\" \/>\n<meta name=\"robots\" content=\"index, follow, max-snippet:-1, max-image-preview:large, max-video-preview:-1\" \/>\n<link rel=\"canonical\" href=\"https:\/\/www.go-assurance.fr\/blog\/erquy-nouvelle-assurance\/\" \/>\n<meta property=\"og:locale\" content=\"fr_FR\" \/>\n<meta property=\"og:type\" content=\"article\" \/>\n<meta property=\"og:title\" content=\"Erquy renforce la s\u00e9curit\u00e9 de ses habitants avec une nouvelle assurance\" \/>\n<meta property=\"og:description\" content=\"Erquy accueille une nouvelle compagnie d&#039;assurance pour offrir s\u00e9curit\u00e9 et protection renforc\u00e9es \u00e0 tous ses habitants. D\u00e9couvrez-en plus !\" \/>\n<meta property=\"og:url\" content=\"https:\/\/www.go-assurance.fr\/blog\/erquy-nouvelle-assurance\/\" \/>\n<meta property=\"og:site_name\" content=\"blog Go-assurance\" \/>\n<meta property=\"article:published_time\" content=\"2025-08-04T08:24:39+00:00\" \/>\n<meta property=\"og:image\" content=\"https:\/\/www.go-assurance.fr\/blog\/wp-content\/uploads\/2025\/08\/Erquy-se-dote-dune-nouvelle-compagnie-dassurance-pour-securiser-ses-habitants.jpg\" \/>\n\t<meta property=\"og:image:width\" content=\"1344\" \/>\n\t<meta property=\"og:image:height\" content=\"768\" \/>\n\t<meta property=\"og:image:type\" content=\"image\/jpeg\" \/>\n<meta name=\"author\" content=\"Chloe.milano.61\" \/>\n<meta name=\"twitter:card\" content=\"summary_large_image\" \/>\n<meta name=\"twitter:label1\" content=\"\u00c9crit par\" \/>\n\t<meta name=\"twitter:data1\" content=\"Chloe.milano.61\" \/>\n\t<meta name=\"twitter:label2\" content=\"Dur\u00e9e de lecture estim\u00e9e\" \/>\n\t<meta name=\"twitter:data2\" content=\"4 minutes\" \/>\n<script type=\"application\/ld+json\" class=\"yoast-schema-graph\">{\"@context\":\"https:\\\/\\\/schema.org\",\"@graph\":[{\"@type\":\"Article\",\"@id\":\"https:\\\/\\\/www.go-assurance.fr\\\/blog\\\/erquy-nouvelle-assurance\\\/#article\",\"isPartOf\":{\"@id\":\"https:\\\/\\\/www.go-assurance.fr\\\/blog\\\/erquy-nouvelle-assurance\\\/\"},\"author\":{\"name\":\"Chloe.milano.61\",\"@id\":\"https:\\\/\\\/www.go-assurance.fr\\\/blog\\\/#\\\/schema\\\/person\\\/fc2852562edeff8f501169f86d5bd856\"},\"headline\":\"Erquy se dote d&rsquo;une nouvelle compagnie d&rsquo;assurance pour s\u00e9curiser ses habitants\",\"datePublished\":\"2025-08-04T08:24:39+00:00\",\"mainEntityOfPage\":{\"@id\":\"https:\\\/\\\/www.go-assurance.fr\\\/blog\\\/erquy-nouvelle-assurance\\\/\"},\"wordCount\":849,\"commentCount\":0,\"publisher\":{\"@id\":\"https:\\\/\\\/www.go-assurance.fr\\\/blog\\\/#organization\"},\"image\":{\"@id\":\"https:\\\/\\\/www.go-assurance.fr\\\/blog\\\/erquy-nouvelle-assurance\\\/#primaryimage\"},\"thumbnailUrl\":\"https:\\\/\\\/www.go-assurance.fr\\\/blog\\\/wp-content\\\/uploads\\\/2025\\\/08\\\/Erquy-se-dote-dune-nouvelle-compagnie-dassurance-pour-securiser-ses-habitants.jpg\",\"articleSection\":[\"Actualit\u00e9 assurance\"],\"inLanguage\":\"fr-FR\",\"potentialAction\":[{\"@type\":\"CommentAction\",\"name\":\"Comment\",\"target\":[\"https:\\\/\\\/www.go-assurance.fr\\\/blog\\\/erquy-nouvelle-assurance\\\/#respond\"]}]},{\"@type\":\"WebPage\",\"@id\":\"https:\\\/\\\/www.go-assurance.fr\\\/blog\\\/erquy-nouvelle-assurance\\\/\",\"url\":\"https:\\\/\\\/www.go-assurance.fr\\\/blog\\\/erquy-nouvelle-assurance\\\/\",\"name\":\"Erquy renforce la s\u00e9curit\u00e9 de ses habitants avec une nouvelle assurance\",\"isPartOf\":{\"@id\":\"https:\\\/\\\/www.go-assurance.fr\\\/blog\\\/#website\"},\"primaryImageOfPage\":{\"@id\":\"https:\\\/\\\/www.go-assurance.fr\\\/blog\\\/erquy-nouvelle-assurance\\\/#primaryimage\"},\"image\":{\"@id\":\"https:\\\/\\\/www.go-assurance.fr\\\/blog\\\/erquy-nouvelle-assurance\\\/#primaryimage\"},\"thumbnailUrl\":\"https:\\\/\\\/www.go-assurance.fr\\\/blog\\\/wp-content\\\/uploads\\\/2025\\\/08\\\/Erquy-se-dote-dune-nouvelle-compagnie-dassurance-pour-securiser-ses-habitants.jpg\",\"datePublished\":\"2025-08-04T08:24:39+00:00\",\"description\":\"Erquy accueille une nouvelle compagnie d'assurance pour offrir s\u00e9curit\u00e9 et protection renforc\u00e9es \u00e0 tous ses habitants. D\u00e9couvrez-en plus !\",\"breadcrumb\":{\"@id\":\"https:\\\/\\\/www.go-assurance.fr\\\/blog\\\/erquy-nouvelle-assurance\\\/#breadcrumb\"},\"inLanguage\":\"fr-FR\",\"potentialAction\":[{\"@type\":\"ReadAction\",\"target\":[\"https:\\\/\\\/www.go-assurance.fr\\\/blog\\\/erquy-nouvelle-assurance\\\/\"]}]},{\"@type\":\"ImageObject\",\"inLanguage\":\"fr-FR\",\"@id\":\"https:\\\/\\\/www.go-assurance.fr\\\/blog\\\/erquy-nouvelle-assurance\\\/#primaryimage\",\"url\":\"https:\\\/\\\/www.go-assurance.fr\\\/blog\\\/wp-content\\\/uploads\\\/2025\\\/08\\\/Erquy-se-dote-dune-nouvelle-compagnie-dassurance-pour-securiser-ses-habitants.jpg\",\"contentUrl\":\"https:\\\/\\\/www.go-assurance.fr\\\/blog\\\/wp-content\\\/uploads\\\/2025\\\/08\\\/Erquy-se-dote-dune-nouvelle-compagnie-dassurance-pour-securiser-ses-habitants.jpg\",\"width\":1344,\"height\":768,\"caption\":\"d\u00e9couvrez comment erquy renforce la s\u00e9curit\u00e9 de ses habitants avec l'arriv\u00e9e d'une nouvelle compagnie d'assurance. assurez-vous une protection optimale pour votre avenir et vos biens.\"},{\"@type\":\"BreadcrumbList\",\"@id\":\"https:\\\/\\\/www.go-assurance.fr\\\/blog\\\/erquy-nouvelle-assurance\\\/#breadcrumb\",\"itemListElement\":[{\"@type\":\"ListItem\",\"position\":1,\"name\":\"Accueil\",\"item\":\"https:\\\/\\\/www.go-assurance.fr\\\/blog\\\/\"},{\"@type\":\"ListItem\",\"position\":2,\"name\":\"Erquy se dote d&rsquo;une nouvelle compagnie d&rsquo;assurance pour s\u00e9curiser ses habitants\"}]},{\"@type\":\"WebSite\",\"@id\":\"https:\\\/\\\/www.go-assurance.fr\\\/blog\\\/#website\",\"url\":\"https:\\\/\\\/www.go-assurance.fr\\\/blog\\\/\",\"name\":\"blog Go-assurance\",\"description\":\"\",\"publisher\":{\"@id\":\"https:\\\/\\\/www.go-assurance.fr\\\/blog\\\/#organization\"},\"potentialAction\":[{\"@type\":\"SearchAction\",\"target\":{\"@type\":\"EntryPoint\",\"urlTemplate\":\"https:\\\/\\\/www.go-assurance.fr\\\/blog\\\/?s={search_term_string}\"},\"query-input\":{\"@type\":\"PropertyValueSpecification\",\"valueRequired\":true,\"valueName\":\"search_term_string\"}}],\"inLanguage\":\"fr-FR\"},{\"@type\":\"Organization\",\"@id\":\"https:\\\/\\\/www.go-assurance.fr\\\/blog\\\/#organization\",\"name\":\"blog Go-assurance\",\"url\":\"https:\\\/\\\/www.go-assurance.fr\\\/blog\\\/\",\"logo\":{\"@type\":\"ImageObject\",\"inLanguage\":\"fr-FR\",\"@id\":\"https:\\\/\\\/www.go-assurance.fr\\\/blog\\\/#\\\/schema\\\/logo\\\/image\\\/\",\"url\":\"https:\\\/\\\/www.go-assurance.fr\\\/blog\\\/wp-content\\\/uploads\\\/2025\\\/07\\\/goassurance.webp\",\"contentUrl\":\"https:\\\/\\\/www.go-assurance.fr\\\/blog\\\/wp-content\\\/uploads\\\/2025\\\/07\\\/goassurance.webp\",\"width\":200,\"height\":200,\"caption\":\"blog Go-assurance\"},\"image\":{\"@id\":\"https:\\\/\\\/www.go-assurance.fr\\\/blog\\\/#\\\/schema\\\/logo\\\/image\\\/\"}},{\"@type\":\"Person\",\"@id\":\"https:\\\/\\\/www.go-assurance.fr\\\/blog\\\/#\\\/schema\\\/person\\\/fc2852562edeff8f501169f86d5bd856\",\"name\":\"Chloe.milano.61\",\"image\":{\"@type\":\"ImageObject\",\"inLanguage\":\"fr-FR\",\"@id\":\"https:\\\/\\\/secure.gravatar.com\\\/avatar\\\/?s=96&d=mm&r=g\",\"url\":\"https:\\\/\\\/secure.gravatar.com\\\/avatar\\\/?s=96&d=mm&r=g\",\"contentUrl\":\"https:\\\/\\\/secure.gravatar.com\\\/avatar\\\/?s=96&d=mm&r=g\",\"caption\":\"Chloe.milano.61\"},\"description\":\"Avec 18 ans d\u2019exp\u00e9rience dans le domaine de l\u2019assurance, je mets mon savoir-faire au service de votre tranquillit\u00e9. Mon r\u00f4le ? Vous \u00e9couter, vous conseiller, et vous proposer des solutions personnalis\u00e9es, r\u00e9ellement adapt\u00e9es \u00e0 votre situation. Parce que prot\u00e9ger ce qui compte pour vous, vos biens, votre famille, votre avenir, est bien plus qu\u2019un m\u00e9tier : c\u2019est un engagement.\",\"url\":\"https:\\\/\\\/www.go-assurance.fr\\\/blog\\\/author\\\/chloe-milano-61\\\/\"}]}<\/script>\n<!-- \/ Yoast SEO plugin. -->","yoast_head_json":{"title":"Erquy renforce la s\u00e9curit\u00e9 de ses habitants avec une nouvelle assurance","description":"Erquy accueille une nouvelle compagnie d'assurance pour offrir s\u00e9curit\u00e9 et protection renforc\u00e9es \u00e0 tous ses habitants. D\u00e9couvrez-en plus !","robots":{"index":"index","follow":"follow","max-snippet":"max-snippet:-1","max-image-preview":"max-image-preview:large","max-video-preview":"max-video-preview:-1"},"canonical":"https:\/\/www.go-assurance.fr\/blog\/erquy-nouvelle-assurance\/","og_locale":"fr_FR","og_type":"article","og_title":"Erquy renforce la s\u00e9curit\u00e9 de ses habitants avec une nouvelle assurance","og_description":"Erquy accueille une nouvelle compagnie d'assurance pour offrir s\u00e9curit\u00e9 et protection renforc\u00e9es \u00e0 tous ses habitants. D\u00e9couvrez-en plus !","og_url":"https:\/\/www.go-assurance.fr\/blog\/erquy-nouvelle-assurance\/","og_site_name":"blog Go-assurance","article_published_time":"2025-08-04T08:24:39+00:00","og_image":[{"width":1344,"height":768,"url":"https:\/\/www.go-assurance.fr\/blog\/wp-content\/uploads\/2025\/08\/Erquy-se-dote-dune-nouvelle-compagnie-dassurance-pour-securiser-ses-habitants.jpg","type":"image\/jpeg"}],"author":"Chloe.milano.61","twitter_card":"summary_large_image","twitter_misc":{"\u00c9crit par":"Chloe.milano.61","Dur\u00e9e de lecture estim\u00e9e":"4 minutes"},"schema":{"@context":"https:\/\/schema.org","@graph":[{"@type":"Article","@id":"https:\/\/www.go-assurance.fr\/blog\/erquy-nouvelle-assurance\/#article","isPartOf":{"@id":"https:\/\/www.go-assurance.fr\/blog\/erquy-nouvelle-assurance\/"},"author":{"name":"Chloe.milano.61","@id":"https:\/\/www.go-assurance.fr\/blog\/#\/schema\/person\/fc2852562edeff8f501169f86d5bd856"},"headline":"Erquy se dote d&rsquo;une nouvelle compagnie d&rsquo;assurance pour s\u00e9curiser ses habitants","datePublished":"2025-08-04T08:24:39+00:00","mainEntityOfPage":{"@id":"https:\/\/www.go-assurance.fr\/blog\/erquy-nouvelle-assurance\/"},"wordCount":849,"commentCount":0,"publisher":{"@id":"https:\/\/www.go-assurance.fr\/blog\/#organization"},"image":{"@id":"https:\/\/www.go-assurance.fr\/blog\/erquy-nouvelle-assurance\/#primaryimage"},"thumbnailUrl":"https:\/\/www.go-assurance.fr\/blog\/wp-content\/uploads\/2025\/08\/Erquy-se-dote-dune-nouvelle-compagnie-dassurance-pour-securiser-ses-habitants.jpg","articleSection":["Actualit\u00e9 assurance"],"inLanguage":"fr-FR","potentialAction":[{"@type":"CommentAction","name":"Comment","target":["https:\/\/www.go-assurance.fr\/blog\/erquy-nouvelle-assurance\/#respond"]}]},{"@type":"WebPage","@id":"https:\/\/www.go-assurance.fr\/blog\/erquy-nouvelle-assurance\/","url":"https:\/\/www.go-assurance.fr\/blog\/erquy-nouvelle-assurance\/","name":"Erquy renforce la s\u00e9curit\u00e9 de ses habitants avec une nouvelle assurance","isPartOf":{"@id":"https:\/\/www.go-assurance.fr\/blog\/#website"},"primaryImageOfPage":{"@id":"https:\/\/www.go-assurance.fr\/blog\/erquy-nouvelle-assurance\/#primaryimage"},"image":{"@id":"https:\/\/www.go-assurance.fr\/blog\/erquy-nouvelle-assurance\/#primaryimage"},"thumbnailUrl":"https:\/\/www.go-assurance.fr\/blog\/wp-content\/uploads\/2025\/08\/Erquy-se-dote-dune-nouvelle-compagnie-dassurance-pour-securiser-ses-habitants.jpg","datePublished":"2025-08-04T08:24:39+00:00","description":"Erquy accueille une nouvelle compagnie d'assurance pour offrir s\u00e9curit\u00e9 et protection renforc\u00e9es \u00e0 tous ses habitants. D\u00e9couvrez-en plus !","breadcrumb":{"@id":"https:\/\/www.go-assurance.fr\/blog\/erquy-nouvelle-assurance\/#breadcrumb"},"inLanguage":"fr-FR","potentialAction":[{"@type":"ReadAction","target":["https:\/\/www.go-assurance.fr\/blog\/erquy-nouvelle-assurance\/"]}]},{"@type":"ImageObject","inLanguage":"fr-FR","@id":"https:\/\/www.go-assurance.fr\/blog\/erquy-nouvelle-assurance\/#primaryimage","url":"https:\/\/www.go-assurance.fr\/blog\/wp-content\/uploads\/2025\/08\/Erquy-se-dote-dune-nouvelle-compagnie-dassurance-pour-securiser-ses-habitants.jpg","contentUrl":"https:\/\/www.go-assurance.fr\/blog\/wp-content\/uploads\/2025\/08\/Erquy-se-dote-dune-nouvelle-compagnie-dassurance-pour-securiser-ses-habitants.jpg","width":1344,"height":768,"caption":"d\u00e9couvrez comment erquy renforce la s\u00e9curit\u00e9 de ses habitants avec l'arriv\u00e9e d'une nouvelle compagnie d'assurance. assurez-vous une protection optimale pour votre avenir et vos biens."},{"@type":"BreadcrumbList","@id":"https:\/\/www.go-assurance.fr\/blog\/erquy-nouvelle-assurance\/#breadcrumb","itemListElement":[{"@type":"ListItem","position":1,"name":"Accueil","item":"https:\/\/www.go-assurance.fr\/blog\/"},{"@type":"ListItem","position":2,"name":"Erquy se dote d&rsquo;une nouvelle compagnie d&rsquo;assurance pour s\u00e9curiser ses habitants"}]},{"@type":"WebSite","@id":"https:\/\/www.go-assurance.fr\/blog\/#website","url":"https:\/\/www.go-assurance.fr\/blog\/","name":"blog Go-assurance","description":"","publisher":{"@id":"https:\/\/www.go-assurance.fr\/blog\/#organization"},"potentialAction":[{"@type":"SearchAction","target":{"@type":"EntryPoint","urlTemplate":"https:\/\/www.go-assurance.fr\/blog\/?s={search_term_string}"},"query-input":{"@type":"PropertyValueSpecification","valueRequired":true,"valueName":"search_term_string"}}],"inLanguage":"fr-FR"},{"@type":"Organization","@id":"https:\/\/www.go-assurance.fr\/blog\/#organization","name":"blog Go-assurance","url":"https:\/\/www.go-assurance.fr\/blog\/","logo":{"@type":"ImageObject","inLanguage":"fr-FR","@id":"https:\/\/www.go-assurance.fr\/blog\/#\/schema\/logo\/image\/","url":"https:\/\/www.go-assurance.fr\/blog\/wp-content\/uploads\/2025\/07\/goassurance.webp","contentUrl":"https:\/\/www.go-assurance.fr\/blog\/wp-content\/uploads\/2025\/07\/goassurance.webp","width":200,"height":200,"caption":"blog Go-assurance"},"image":{"@id":"https:\/\/www.go-assurance.fr\/blog\/#\/schema\/logo\/image\/"}},{"@type":"Person","@id":"https:\/\/www.go-assurance.fr\/blog\/#\/schema\/person\/fc2852562edeff8f501169f86d5bd856","name":"Chloe.milano.61","image":{"@type":"ImageObject","inLanguage":"fr-FR","@id":"https:\/\/secure.gravatar.com\/avatar\/?s=96&d=mm&r=g","url":"https:\/\/secure.gravatar.com\/avatar\/?s=96&d=mm&r=g","contentUrl":"https:\/\/secure.gravatar.com\/avatar\/?s=96&d=mm&r=g","caption":"Chloe.milano.61"},"description":"Avec 18 ans d\u2019exp\u00e9rience dans le domaine de l\u2019assurance, je mets mon savoir-faire au service de votre tranquillit\u00e9. Mon r\u00f4le ? Vous \u00e9couter, vous conseiller, et vous proposer des solutions personnalis\u00e9es, r\u00e9ellement adapt\u00e9es \u00e0 votre situation. Parce que prot\u00e9ger ce qui compte pour vous, vos biens, votre famille, votre avenir, est bien plus qu\u2019un m\u00e9tier : c\u2019est un engagement.","url":"https:\/\/www.go-assurance.fr\/blog\/author\/chloe-milano-61\/"}]}},"_links":{"self":[{"href":"https:\/\/www.go-assurance.fr\/blog\/wp-json\/wp\/v2\/posts\/319","targetHints":{"allow":["GET"]}}],"collection":[{"href":"https:\/\/www.go-assurance.fr\/blog\/wp-json\/wp\/v2\/posts"}],"about":[{"href":"https:\/\/www.go-assurance.fr\/blog\/wp-json\/wp\/v2\/types\/post"}],"author":[{"embeddable":true,"href":"https:\/\/www.go-assurance.fr\/blog\/wp-json\/wp\/v2\/users\/2"}],"replies":[{"embeddable":true,"href":"https:\/\/www.go-assurance.fr\/blog\/wp-json\/wp\/v2\/comments?post=319"}],"version-history":[{"count":0,"href":"https:\/\/www.go-assurance.fr\/blog\/wp-json\/wp\/v2\/posts\/319\/revisions"}],"wp:featuredmedia":[{"embeddable":true,"href":"https:\/\/www.go-assurance.fr\/blog\/wp-json\/wp\/v2\/media\/316"}],"wp:attachment":[{"href":"https:\/\/www.go-assurance.fr\/blog\/wp-json\/wp\/v2\/media?parent=319"}],"wp:term":[{"taxonomy":"category","embeddable":true,"href":"https:\/\/www.go-assurance.fr\/blog\/wp-json\/wp\/v2\/categories?post=319"},{"taxonomy":"post_tag","embeddable":true,"href":"https:\/\/www.go-assurance.fr\/blog\/wp-json\/wp\/v2\/tags?post=319"}],"curies":[{"name":"wp","href":"https:\/\/api.w.org\/{rel}","templated":true}]}}